{"id":139,"date":"2016-07-18T18:57:43","date_gmt":"2016-07-18T17:57:43","guid":{"rendered":"https:\/\/lacteosdelprado.cl\/index.php\/2016\/07\/18\/sundays-of-gluten-free-pizzas\/"},"modified":"2025-11-06T18:29:08","modified_gmt":"2025-11-06T18:29:08","slug":"sundays-of-gluten-free-pizzas","status":"publish","type":"post","link":"https:\/\/lacteosdelprado.cl\/index.php\/2016\/07\/18\/sundays-of-gluten-free-pizzas\/","title":{"rendered":"L\u00e1cteos del Prado, productos gourmet que nacen a orillas del lago Ranco"},"content":{"rendered":"<div class=\"wpb-content-wrapper\"><p>[vc_row type=\u00bbvc_default\u00bb][vc_column][vc_column_text css=\u00bb\u00bb]<\/p>\n<h2 class=\"mb-3 \">El emprendimiento que elabora quesos artesanales de alto nivel fue creado por Viviana Gonz\u00e1lez junto a su pareja Jaime Prado.<\/h2>\n<p>Viviana Gonz\u00e1lez, t\u00e9cnico en Industria Alimentaria de la Universidad de Los Lagos, creo junto a su pareja Jaime Prado, la empresa L\u00e1cteos Del Prado, emprendimiento emplazado en las cercan\u00edas del lago Ranco, y cuyo foco principal es la producci\u00f3n de quesos artesanales de alta gama, capaces de cautivar a los paladares m\u00e1s exigentes del segmento gourmet.<\/p>\n<p>En 2015 comenz\u00f3 a tomar forma L\u00e1cteos del Prado. Con mucho esfuerzo iniciaron sus primeras producciones. Su constancia les permiti\u00f3 salir de Futrono con sus productos, junto al apoyo de Indap.<\/p>\n<div class=\"row m-0 p-0 mb-2 hide-print-box\">\n<div class=\"col p-0 banner-ads-cod tp_1_1\">\n<div id=\"300x250-A\"><\/div>\n<\/div>\n<\/div>\n<p>En la actualidad entregan productos de Punta Arenas a Santiago, donde el camembert es el producto estrella, que se elabora con leche de alta calidad de la zona.<\/p>\n<p>Todos los detalles de la historia de estos emprendedores que elaboran delicados y exclusivos productos en las cercan\u00edas del lago Ranco, en el cap\u00edtulo 13 de Agronauta.<\/p>\n<p>[\/vc_column_text][vc_video link=\u00bbhttps:\/\/www.youtube.com\/watch?v=h5lxmKkZLhA&amp;t=174s\u00bb css=\u00bb\u00bb title=\u00bbLACTEOS DEL PRADO\u00bb][\/vc_column][\/vc_row]<\/p>\n<\/div>","protected":false},"excerpt":{"rendered":"<p>Suspendisse potenti. Aliquam at dui nulla. Aenean semper sed nunc id sollicitudin. Nam sit amet lacus facilisis, feugiat dolor vitae, commodo arcu. Proin ac lorem a dolor vestibulum suscipit. Pellentesque elementum elementum mi, sed congue ex porta nec.<\/p>\n","protected":false},"author":1,"featured_media":1087,"comment_status":"closed","ping_status":"closed","sticky":false,"template":"","format":"standard","meta":{"footnotes":""},"categories":[22],"tags":[],"class_list":["post-139","post","type-post","status-publish","format-standard","has-post-thumbnail","hentry","category-noticias","category-22","description-off"],"_links":{"self":[{"href":"https:\/\/lacteosdelprado.cl\/index.php\/wp-json\/wp\/v2\/posts\/139","targetHints":{"allow":["GET"]}}],"collection":[{"href":"https:\/\/lacteosdelprado.cl\/index.php\/wp-json\/wp\/v2\/posts"}],"about":[{"href":"https:\/\/lacteosdelprado.cl\/index.php\/wp-json\/wp\/v2\/types\/post"}],"author":[{"embeddable":true,"href":"https:\/\/lacteosdelprado.cl\/index.php\/wp-json\/wp\/v2\/users\/1"}],"replies":[{"embeddable":true,"href":"https:\/\/lacteosdelprado.cl\/index.php\/wp-json\/wp\/v2\/comments?post=139"}],"version-history":[{"count":3,"href":"https:\/\/lacteosdelprado.cl\/index.php\/wp-json\/wp\/v2\/posts\/139\/revisions"}],"predecessor-version":[{"id":1114,"href":"https:\/\/lacteosdelprado.cl\/index.php\/wp-json\/wp\/v2\/posts\/139\/revisions\/1114"}],"wp:featuredmedia":[{"embeddable":true,"href":"https:\/\/lacteosdelprado.cl\/index.php\/wp-json\/wp\/v2\/media\/1087"}],"wp:attachment":[{"href":"https:\/\/lacteosdelprado.cl\/index.php\/wp-json\/wp\/v2\/media?parent=139"}],"wp:term":[{"taxonomy":"category","embeddable":true,"href":"https:\/\/lacteosdelprado.cl\/index.php\/wp-json\/wp\/v2\/categories?post=139"},{"taxonomy":"post_tag","embeddable":true,"href":"https:\/\/lacteosdelprado.cl\/index.php\/wp-json\/wp\/v2\/tags?post=139"}],"curies":[{"name":"wp","href":"https:\/\/api.w.org\/{rel}","templated":true}]}}