{"id":135,"date":"2016-07-18T18:57:37","date_gmt":"2016-07-18T17:57:37","guid":{"rendered":"https:\/\/lacteosdelprado.cl\/index.php\/2016\/07\/18\/escape-the-heat-with-these-indoor-recipes\/"},"modified":"2025-11-06T18:36:41","modified_gmt":"2025-11-06T18:36:41","slug":"escape-the-heat-with-these-indoor-recipes","status":"publish","type":"post","link":"https:\/\/lacteosdelprado.cl\/index.php\/2016\/07\/18\/escape-the-heat-with-these-indoor-recipes\/","title":{"rendered":"De Futrono al coraz\u00f3n del sur"},"content":{"rendered":"<div class=\"wpb-content-wrapper\"><p>[vc_row type=\u00bbvc_default\u00bb][vc_column][vc_column_text css=\u00bb\u00bb]En esta segunda c\u00e1psula de \u201cDe Emprendedor a Emprendedor\u201d conocemos la historia de Jaime Prado y Viviana Gonz\u00e1lez, fundadores de L\u00e1cteos del Prado, una empresa familiar que naci\u00f3 en la cocina de su casa y hoy elabora quesos mantecosos y una l\u00ednea exclusiva de quesos de autor.<\/p>\n<p>Con pasi\u00f3n, conocimiento y amor por su tierra, transformaron una olla dom\u00e9stica en una f\u00e1brica que rescata los sabores m\u00e1s aut\u00e9nticos del sur de Chile \ud83e\uddc0\u2728<\/p>\n<p>Descubre c\u00f3mo este sue\u00f1o familiar se convirti\u00f3 en un referente local en nuestra nueva c\u00e1psula \ud83c\udfa5.<\/p>\n<p><img loading=\"lazy\" decoding=\"async\" class=\"size-large wp-image-1081 aligncenter\" src=\"https:\/\/lacteosdelprado.cl\/wp-content\/uploads\/2025\/11\/20251002_105904-478x1024.jpg\" alt=\"\" width=\"478\" height=\"1024\" srcset=\"https:\/\/lacteosdelprado.cl\/wp-content\/uploads\/2025\/11\/20251002_105904-478x1024.jpg 478w, https:\/\/lacteosdelprado.cl\/wp-content\/uploads\/2025\/11\/20251002_105904-140x300.jpg 140w, https:\/\/lacteosdelprado.cl\/wp-content\/uploads\/2025\/11\/20251002_105904-768x1645.jpg 768w, https:\/\/lacteosdelprado.cl\/wp-content\/uploads\/2025\/11\/20251002_105904-717x1536.jpg 717w, https:\/\/lacteosdelprado.cl\/wp-content\/uploads\/2025\/11\/20251002_105904-956x2048.jpg 956w, https:\/\/lacteosdelprado.cl\/wp-content\/uploads\/2025\/11\/20251002_105904-scaled.jpg 1196w\" sizes=\"auto, (max-width: 478px) 100vw, 478px\" \/>[\/vc_column_text][\/vc_column][\/vc_row]<\/p>\n<\/div>","protected":false},"excerpt":{"rendered":"<p>Fusce vel nulla commodo, molestie odio interdum, lacinia leo. Sed interdum lacinia nisl, ut interdum mi lacinia sed. Proin nec aliquet leo. Curabitur dictum sed ligula eu blandit. Morbi ullamcorper interdum commodo.<\/p>\n","protected":false},"author":1,"featured_media":1119,"comment_status":"closed","ping_status":"closed","sticky":false,"template":"","format":"standard","meta":{"footnotes":""},"categories":[22],"tags":[],"class_list":["post-135","post","type-post","status-publish","format-standard","has-post-thumbnail","hentry","category-noticias","category-22","description-off"],"_links":{"self":[{"href":"https:\/\/lacteosdelprado.cl\/index.php\/wp-json\/wp\/v2\/posts\/135","targetHints":{"allow":["GET"]}}],"collection":[{"href":"https:\/\/lacteosdelprado.cl\/index.php\/wp-json\/wp\/v2\/posts"}],"about":[{"href":"https:\/\/lacteosdelprado.cl\/index.php\/wp-json\/wp\/v2\/types\/post"}],"author":[{"embeddable":true,"href":"https:\/\/lacteosdelprado.cl\/index.php\/wp-json\/wp\/v2\/users\/1"}],"replies":[{"embeddable":true,"href":"https:\/\/lacteosdelprado.cl\/index.php\/wp-json\/wp\/v2\/comments?post=135"}],"version-history":[{"count":3,"href":"https:\/\/lacteosdelprado.cl\/index.php\/wp-json\/wp\/v2\/posts\/135\/revisions"}],"predecessor-version":[{"id":1121,"href":"https:\/\/lacteosdelprado.cl\/index.php\/wp-json\/wp\/v2\/posts\/135\/revisions\/1121"}],"wp:featuredmedia":[{"embeddable":true,"href":"https:\/\/lacteosdelprado.cl\/index.php\/wp-json\/wp\/v2\/media\/1119"}],"wp:attachment":[{"href":"https:\/\/lacteosdelprado.cl\/index.php\/wp-json\/wp\/v2\/media?parent=135"}],"wp:term":[{"taxonomy":"category","embeddable":true,"href":"https:\/\/lacteosdelprado.cl\/index.php\/wp-json\/wp\/v2\/categories?post=135"},{"taxonomy":"post_tag","embeddable":true,"href":"https:\/\/lacteosdelprado.cl\/index.php\/wp-json\/wp\/v2\/tags?post=135"}],"curies":[{"name":"wp","href":"https:\/\/api.w.org\/{rel}","templated":true}]}}