{"id":133,"date":"2016-07-18T18:57:35","date_gmt":"2016-07-18T17:57:35","guid":{"rendered":"https:\/\/lacteosdelprado.cl\/index.php\/2016\/07\/18\/healthy-recipes-for-summer\/"},"modified":"2025-11-06T18:37:24","modified_gmt":"2025-11-06T18:37:24","slug":"healthy-recipes-for-summer","status":"publish","type":"post","link":"https:\/\/lacteosdelprado.cl\/index.php\/2016\/07\/18\/healthy-recipes-for-summer\/","title":{"rendered":"Emprendimiento familiar \u00abL\u00e1cteos del Prado\u00bb inaugura nueva sala de ventas"},"content":{"rendered":"<div class=\"wpb-content-wrapper\"><p>[vc_row type=\u00bbvc_default\u00bb][vc_column][vc_column_text css=\u00bb\u00bb]Con mucha alegr\u00eda y satisfacci\u00f3n el emprendimiento familiar Queser\u00eda L\u00e1cteos del Prado realiz\u00f3 la inauguraci\u00f3n de su nueva sala de ventas, marcando un hito significativo en su compromiso continuo con la excelencia y la satisfacci\u00f3n del cliente.<\/p>\n<p>La nueva sala de ventas, ubicada en Las Veguitas, ruta que une Dollinco y Futrono, representa un espacio acogedor donde los amantes de los productos l\u00e1cteos podr\u00e1n disfrutar de una experiencia de compra \u00fanica. Con una cuidadosa selecci\u00f3n de quesos artesanales y productos l\u00e1cteos de alta calidad, L\u00e1cteos del Prado busca deleitar los paladares m\u00e1s exigentes.<\/p>\n<p>La inauguraci\u00f3n de esta nueva sala de ventas refleja el crecimiento constante y la dedicaci\u00f3n a ofrecer productos frescos y deliciosos a la comunidad. El equipo de la queser\u00eda espera con entusiasmo dar la bienvenida a clientes antiguos y nuevos, compartiendo la pasi\u00f3n por la calidad y el sabor que distinguen a sus productos.<\/p>\n<p>En la ceremonia de inauguraci\u00f3n estuvieron presentes el alcalde Claudio Lavado, la jefe de oficina de Indap en Futrono, Pamela Mutizabal y en representaci\u00f3n del programa de desarrollo local (PRODESAL), Mar\u00eda Claudia Cortez, junto a representantes de la Serem\u00eda de Agricultura, quienes acompa\u00f1aron a la familia emprendedora en este nuevo desaf\u00edo.<\/p>\n<p>En ese contexto, el alcalde de Futrono elogi\u00f3 el esfuerzo y la dedicaci\u00f3n de la familia de Queser\u00eda L\u00e1cteos del Prado, resaltando el papel fundamental de este tipo de proyectos en la promoci\u00f3n de la agricultura y la econom\u00eda local.<\/p>\n<p>Viviana Gonz\u00e1lez y Jaime Prado, junto a familiares elaboran desde quesos mantecosos, yogurt al estilo vikingo y hasta una l\u00ednea exclusiva de quesos de \u00abAutor\u00bb con cerca de 20 variedades, al respecto Jaime detall\u00f3, \u00abcomenzamos este proyecto el a\u00f1o 2015 en la cocina de nuestra casa de forma muy artesanal, comprando leche en el sector, fabricando quesos y yogurt que comercializ\u00e1bamos entre los vecinos y nuestras amistades. Al ver que hab\u00eda un nicho de mercado importante empezamos a crecer y construimos nuestra salita de producci\u00f3n y hoy d\u00eda con mucha alegr\u00eda estamos inaugurando nuestra nueva sala de ventas \u00ab, coment\u00f3.<\/p>\n<p>El respaldo financiero y las valiosas asesor\u00edas proporcionadas por estas instituciones han sido fundamentales para el desarrollo y \u00e9xito de Queser\u00eda L\u00e1cteos del Prado. Indap, Prodesal, el Municipio de Futrono, Sercotec, la Serem\u00eda de Agricultura y el programa Zonas Rezagadas han demostrado un compromiso continuo con el fortalecimiento del tejido empresarial local, contribuyendo al florecimiento de proyectos como el de Queser\u00eda L\u00e1cteos del Prado.<\/p>\n<p>Actualmente \u00abL\u00e1cteos del Prado\u00bb cuenta con cerca de 20 diferentes productos entre los que destacan quesos mantecosos, ahumados, maduros y un queso al estilo franc\u00e9s \u201cMorbier\u201d junto a yogurt, cremosos y libres de lactosa.<\/p>\n<p>Adem\u00e1s, cuentan con una l\u00ednea exclusiva de \u201cAutor\u201d, con tres variedades, \u201cCapa Negra\u201d, un queso de 2 meses de maduraci\u00f3n, con una cubierta de caf\u00e9 tostado colombiano y que se inspira y honra a la gente de campo de cuenca del Ranco, y\u201d Capa Roja\u201d un queso de semejantes caracter\u00edsticas con cobertura de aj\u00ed picante. A ello se suma una l\u00ednea de[\/vc_column_text][\/vc_column][\/vc_row]<\/p>\n<\/div>","protected":false},"excerpt":{"rendered":"<p>Aenean semper sed nunc id sollicitudin. Nam sit amet lacus facilisis, feugiat dolor vitae, commodo arcu. Proin ac lorem a dolor vestibulum suscipit. Pellentesque elementum elementum mi, sed congue ex porta nec. Sed vitae vestibulum lorem. Suspendisse velit sem.<\/p>\n","protected":false},"author":1,"featured_media":1122,"comment_status":"closed","ping_status":"closed","sticky":false,"template":"","format":"standard","meta":{"footnotes":""},"categories":[22],"tags":[],"class_list":["post-133","post","type-post","status-publish","format-standard","has-post-thumbnail","hentry","category-noticias","category-22","description-off"],"_links":{"self":[{"href":"https:\/\/lacteosdelprado.cl\/index.php\/wp-json\/wp\/v2\/posts\/133","targetHints":{"allow":["GET"]}}],"collection":[{"href":"https:\/\/lacteosdelprado.cl\/index.php\/wp-json\/wp\/v2\/posts"}],"about":[{"href":"https:\/\/lacteosdelprado.cl\/index.php\/wp-json\/wp\/v2\/types\/post"}],"author":[{"embeddable":true,"href":"https:\/\/lacteosdelprado.cl\/index.php\/wp-json\/wp\/v2\/users\/1"}],"replies":[{"embeddable":true,"href":"https:\/\/lacteosdelprado.cl\/index.php\/wp-json\/wp\/v2\/comments?post=133"}],"version-history":[{"count":2,"href":"https:\/\/lacteosdelprado.cl\/index.php\/wp-json\/wp\/v2\/posts\/133\/revisions"}],"predecessor-version":[{"id":1123,"href":"https:\/\/lacteosdelprado.cl\/index.php\/wp-json\/wp\/v2\/posts\/133\/revisions\/1123"}],"wp:featuredmedia":[{"embeddable":true,"href":"https:\/\/lacteosdelprado.cl\/index.php\/wp-json\/wp\/v2\/media\/1122"}],"wp:attachment":[{"href":"https:\/\/lacteosdelprado.cl\/index.php\/wp-json\/wp\/v2\/media?parent=133"}],"wp:term":[{"taxonomy":"category","embeddable":true,"href":"https:\/\/lacteosdelprado.cl\/index.php\/wp-json\/wp\/v2\/categories?post=133"},{"taxonomy":"post_tag","embeddable":true,"href":"https:\/\/lacteosdelprado.cl\/index.php\/wp-json\/wp\/v2\/tags?post=133"}],"curies":[{"name":"wp","href":"https:\/\/api.w.org\/{rel}","templated":true}]}}