{"id":1130,"date":"2025-11-06T18:44:23","date_gmt":"2025-11-06T18:44:23","guid":{"rendered":"https:\/\/lacteosdelprado.cl\/?p=1130"},"modified":"2025-11-06T18:44:23","modified_gmt":"2025-11-06T18:44:23","slug":"programa-de-gobierno-regional-de-los-rios-apoyo-el-crecimiento-de-conocida-queseria-futronina","status":"publish","type":"post","link":"https:\/\/lacteosdelprado.cl\/index.php\/2025\/11\/06\/programa-de-gobierno-regional-de-los-rios-apoyo-el-crecimiento-de-conocida-queseria-futronina\/","title":{"rendered":"Programa de Gobierno Regional de Los R\u00edos apoy\u00f3 el crecimiento de conocida queser\u00eda futronina"},"content":{"rendered":"<div class=\"wpb-content-wrapper\"><p>[vc_row][vc_column][vc_column_text css=\u00bb\u00bb]<\/p>\n<h2 class=\"mb-3 \">L\u00e1cteos del Prado que cuenta con una l\u00ednea de 16 productos, es uno de los 48 emprendimientos a nivel regional en verse beneficiados con la iniciativa.<\/h2>\n<p>La habilitaci\u00f3n de una anhelada sala de ventas, as\u00ed como la instalaci\u00f3n de paneles solares que les permitan ahorrar en el costo de la energ\u00eda el\u00e9ctrica, son las dos iniciativas ejecutadas por la empresa futronina L\u00e1cteos del Prado, gracias a financiamiento aportado por el Gobierno Regional de Los R\u00edos y su Consejo Regional.<\/p>\n<p>La f\u00e1brica de l\u00e1cteos ubicada en el sector rural de Las Veguitas, en la ruta T-65 a tres kil\u00f3metros del cruce Dollinco, es uno de los 48 a nivel regional en verse favorecidos con el\u00a0programa \u201cApoyo a emprendedores y empresas en econom\u00edas locales\u201d, el cual es ejecutado por la Fundaci\u00f3n de Desarrollo Educacional y Tecnol\u00f3gico La Araucan\u00eda de la Universidad de la Frontera\u00a0(Fudea Ufro).<\/p>\n<p>Este considera $8 millones de inversi\u00f3n por cada beneficiario.<\/p>\n<h4>Oportunidad de crecimiento<\/h4>\n<figure class=\"image image-style-side\"><img decoding=\"async\" src=\"https:\/\/www.diarioemprende.cl\/files\/files\/FOTO%202%20(5)(1).jpeg\" \/><\/figure>\n<p>El propietario y representante de L\u00e1cteos del Prado, Jaime Prado, detall\u00f3 que esta iniciativa nace en 2015 para sacar provecho a la leche que produc\u00edan en el campo y en la actualidad cuentan con 16 productos diferentes.<\/p>\n<p>\u00abTambi\u00e9n tenemos quesos de autor que son propios de nosotros, como es el Capa Negra que est\u00e1 madurado tres meses y cubierto con caf\u00e9 colombiano tostado. Tambi\u00e9n tenemos dos tipos de yogurt, cremoso y skyr, este \u00faltimo de tipo island\u00e9s que es \u00fanico en Chile y que es alto en prote\u00edna\u201d, se\u00f1al\u00f3.<\/p>\n<p>En relaci\u00f3n al proyecto financiado por el Gobierno Regional, el emprendedor agradeci\u00f3 el apoyo y detall\u00f3 en que se invirtieron estos fondos.<\/p>\n<p>\u201cLa mitad de los recursos se invirtieron en energ\u00edas renovables, espec\u00edficamente en la instalaci\u00f3n de paneles solares, porque la empresa consume mucha energ\u00eda en motores, bombas, ventiladores, luces y c\u00e1maras de fr\u00edo. Esto nos va a significar un ahorro cercano al 30% en la cuenta de la luz. Eso ya est\u00e1 ejecutado\u201d, inform\u00f3.<\/p>\n<p>Adem\u00e1s, coment\u00f3 que el financiamiento restante los ayud\u00f3 a construir una sala de ventas para comercializar sus productos.<\/p>\n<p>\u201cPara nosotros es espectacular tener la oportunidad de recibir esta inyecci\u00f3n de recursos para nuestro emprendimiento. Estamos muy agradecidos de este apoyo y esperamos que el programa contin\u00fae en los pr\u00f3ximos a\u00f1os para llegar cada vez a m\u00e1s emprendedores\u201d, agradeci\u00f3.[\/vc_column_text][\/vc_column][\/vc_row]<\/p>\n<\/div>","protected":false},"excerpt":{"rendered":"<p>[vc_row][vc_column][vc_column_text css=\u00bb\u00bb] L\u00e1cteos del Prado que cuenta con una l\u00ednea de 16 productos, es uno de los 48 emprendimientos a nivel regional en verse beneficiados con la iniciativa. La habilitaci\u00f3n de una anhelada sala de ventas, as\u00ed como la instalaci\u00f3n de paneles solares que les permitan ahorrar en el costo de la energ\u00eda el\u00e9ctrica, son&hellip;<\/p>\n","protected":false},"author":1,"featured_media":1131,"comment_status":"open","ping_status":"open","sticky":false,"template":"","format":"standard","meta":{"footnotes":""},"categories":[22],"tags":[],"class_list":["post-1130","post","type-post","status-publish","format-standard","has-post-thumbnail","hentry","category-noticias","category-22","description-off"],"_links":{"self":[{"href":"https:\/\/lacteosdelprado.cl\/index.php\/wp-json\/wp\/v2\/posts\/1130","targetHints":{"allow":["GET"]}}],"collection":[{"href":"https:\/\/lacteosdelprado.cl\/index.php\/wp-json\/wp\/v2\/posts"}],"about":[{"href":"https:\/\/lacteosdelprado.cl\/index.php\/wp-json\/wp\/v2\/types\/post"}],"author":[{"embeddable":true,"href":"https:\/\/lacteosdelprado.cl\/index.php\/wp-json\/wp\/v2\/users\/1"}],"replies":[{"embeddable":true,"href":"https:\/\/lacteosdelprado.cl\/index.php\/wp-json\/wp\/v2\/comments?post=1130"}],"version-history":[{"count":1,"href":"https:\/\/lacteosdelprado.cl\/index.php\/wp-json\/wp\/v2\/posts\/1130\/revisions"}],"predecessor-version":[{"id":1132,"href":"https:\/\/lacteosdelprado.cl\/index.php\/wp-json\/wp\/v2\/posts\/1130\/revisions\/1132"}],"wp:featuredmedia":[{"embeddable":true,"href":"https:\/\/lacteosdelprado.cl\/index.php\/wp-json\/wp\/v2\/media\/1131"}],"wp:attachment":[{"href":"https:\/\/lacteosdelprado.cl\/index.php\/wp-json\/wp\/v2\/media?parent=1130"}],"wp:term":[{"taxonomy":"category","embeddable":true,"href":"https:\/\/lacteosdelprado.cl\/index.php\/wp-json\/wp\/v2\/categories?post=1130"},{"taxonomy":"post_tag","embeddable":true,"href":"https:\/\/lacteosdelprado.cl\/index.php\/wp-json\/wp\/v2\/tags?post=1130"}],"curies":[{"name":"wp","href":"https:\/\/api.w.org\/{rel}","templated":true}]}}