{"id":1125,"date":"2025-11-06T18:40:45","date_gmt":"2025-11-06T18:40:45","guid":{"rendered":"https:\/\/lacteosdelprado.cl\/?p=1125"},"modified":"2025-11-06T18:40:57","modified_gmt":"2025-11-06T18:40:57","slug":"marca-de-futrono-se-lleva-dos-medallas-en-primer-encuentro-internacional-de-quesos-de-chile","status":"publish","type":"post","link":"https:\/\/lacteosdelprado.cl\/index.php\/2025\/11\/06\/marca-de-futrono-se-lleva-dos-medallas-en-primer-encuentro-internacional-de-quesos-de-chile\/","title":{"rendered":"Marca de Futrono se lleva dos medallas en primer encuentro internacional de quesos de Chile"},"content":{"rendered":"<div class=\"wpb-content-wrapper\"><p>[vc_row][vc_column][vc_column_text css=\u00bb\u00bb]<\/p>\n<h2 class=\"mb-3 \">El evento realizado en Santiago reuni\u00f3 a un jurado de renombre quienes evaluaron distintas marcas del pa\u00eds.<\/h2>\n<p>La queser\u00eda futronina, L\u00e1cteos del Prado fue destacada recientemente en Santiago en el primer concurso internacional de quesos artesanales realizado en Chile, el Encuentro Quesos del Nuevo Mundo 2025.<\/p>\n<figure class=\"image image-style-side\"><img decoding=\"async\" src=\"https:\/\/www.diarioemprende.cl\/files\/files\/WhatsApp%20Image%202025-10-07%20at%2011_05_59%20AM.jpeg\" \/><\/figure>\n<p>El certamen cont\u00f3 con un destacado jurado de expertos nacionales e internacionales, incluidos \u201csuper jurados\u201d del prestigioso World Cheese Awards, mientras que la evaluaci\u00f3n estuvo liderada por Fernando Mayora, destacado catador de quesos \u201cfromelier\u201d, juez evaluador internacional y t\u00e9cnico en lecher\u00eda.<\/p>\n<p>Adem\u00e1s el concurso consider\u00f3 diversas categor\u00edas y distintos tipos de quesos, desde frescos y blandos hasta quesos duros y azules, permitiendo una amplia gama de estilos y or\u00edgenes.<\/p>\n<div class=\"row m-0 p-0 mb-2 hide-print-box\">\n<div class=\"col p-0 banner-ads-cod tp_1_1\">\n<div id=\"300x250-A\"><\/div>\n<\/div>\n<\/div>\n<p>En este sentido L\u00e1cteos del Prado obtuvo una destacada participaci\u00f3n con su producto de queso mantecoso ganando la medalla de plata en la categor\u00eda de Mantecosos y siendo galardonado tambi\u00e9n en la categor\u00eda Corteza Enmohecida, con medalla de bronce, por su queso bride. Ambas l\u00edneas se destacan por utilizar leche de vacas de la zona y de libre pastoreo lo que aporta a un sabor \u00fanico y muy local.<\/p>\n<p>El fundador de esta marca, Jaime Prado, comparti\u00f3 su felicidad con\u00a0<strong>Diario Emprende,\u00a0<\/strong>por recibir este galard\u00f3n que refuerza el trabajo y dedicaci\u00f3n que han tenido todos estos a\u00f1os.<\/p>\n<figure class=\"image\"><img decoding=\"async\" src=\"https:\/\/www.diarioemprende.cl\/files\/files\/WhatsApp%20Image%202025-10-07%20at%205_05_55%20PM%20(2).jpeg\" \/><\/figure>\n<p>\u201cFue algo super entretenido y especial, porque lograr algo as\u00ed con el\u00a0 nivel de queso que hay en el pa\u00eds nos da fuerza para continuar mejorando. Para nosotros significa un respaldo a nuestros 10 a\u00f1os de trayectoria, porque no hicimos un queso especialmente para el concurso, sino que enviamos el queso que siempre vendemos\u201d, coment\u00f3.<\/p>\n<p>Junto con esta condecoraci\u00f3n la marca futronina abri\u00f3 una nueva sucursal ya habilitada para los vecinos de Paillaco, sum\u00e1ndose a sus otras dos tiendas ubicadas en el centro de Futrono y en su f\u00e1brica en el sector de Dollinco.<\/p>\n<p>El encuentro, organizado por la asociaci\u00f3n Chile de queser\u00edas artesanas en colaboraci\u00f3n con el Ministerio de Agricultura, INIA y otros actores, reuni\u00f3 a productores, expertos y compradores de Am\u00e9rica Latina, EE.UU. y Europa, con el objetivo de visibilizar y poner en valor la producci\u00f3n quesera artesanal de la regi\u00f3n fortaleciendo la identidad territorial y la calidad sensorial de los quesos hechos con oficio.[\/vc_column_text][\/vc_column][\/vc_row]<\/p>\n<\/div>","protected":false},"excerpt":{"rendered":"<p>[vc_row][vc_column][vc_column_text css=\u00bb\u00bb] El evento realizado en Santiago reuni\u00f3 a un jurado de renombre quienes evaluaron distintas marcas del pa\u00eds. La queser\u00eda futronina, L\u00e1cteos del Prado fue destacada recientemente en Santiago en el primer concurso internacional de quesos artesanales realizado en Chile, el Encuentro Quesos del Nuevo Mundo 2025. El certamen cont\u00f3 con un destacado jurado&hellip;<\/p>\n","protected":false},"author":1,"featured_media":1126,"comment_status":"open","ping_status":"open","sticky":false,"template":"","format":"standard","meta":{"footnotes":""},"categories":[22],"tags":[],"class_list":["post-1125","post","type-post","status-publish","format-standard","has-post-thumbnail","hentry","category-noticias","category-22","description-off"],"_links":{"self":[{"href":"https:\/\/lacteosdelprado.cl\/index.php\/wp-json\/wp\/v2\/posts\/1125","targetHints":{"allow":["GET"]}}],"collection":[{"href":"https:\/\/lacteosdelprado.cl\/index.php\/wp-json\/wp\/v2\/posts"}],"about":[{"href":"https:\/\/lacteosdelprado.cl\/index.php\/wp-json\/wp\/v2\/types\/post"}],"author":[{"embeddable":true,"href":"https:\/\/lacteosdelprado.cl\/index.php\/wp-json\/wp\/v2\/users\/1"}],"replies":[{"embeddable":true,"href":"https:\/\/lacteosdelprado.cl\/index.php\/wp-json\/wp\/v2\/comments?post=1125"}],"version-history":[{"count":1,"href":"https:\/\/lacteosdelprado.cl\/index.php\/wp-json\/wp\/v2\/posts\/1125\/revisions"}],"predecessor-version":[{"id":1127,"href":"https:\/\/lacteosdelprado.cl\/index.php\/wp-json\/wp\/v2\/posts\/1125\/revisions\/1127"}],"wp:featuredmedia":[{"embeddable":true,"href":"https:\/\/lacteosdelprado.cl\/index.php\/wp-json\/wp\/v2\/media\/1126"}],"wp:attachment":[{"href":"https:\/\/lacteosdelprado.cl\/index.php\/wp-json\/wp\/v2\/media?parent=1125"}],"wp:term":[{"taxonomy":"category","embeddable":true,"href":"https:\/\/lacteosdelprado.cl\/index.php\/wp-json\/wp\/v2\/categories?post=1125"},{"taxonomy":"post_tag","embeddable":true,"href":"https:\/\/lacteosdelprado.cl\/index.php\/wp-json\/wp\/v2\/tags?post=1125"}],"curies":[{"name":"wp","href":"https:\/\/api.w.org\/{rel}","templated":true}]}}